[{"@context":"https:\/\/schema.org\/","@type":"Article","@id":"https:\/\/www.qualichem.cz\/koupelnove-kose-na-pradlo\/#Article","mainEntityOfPage":"https:\/\/www.qualichem.cz\/koupelnove-kose-na-pradlo\/","headline":"Koupelnov\u00e9 ko\u0161e na pr\u00e1dlo","name":"Koupelnov\u00e9 ko\u0161e na pr\u00e1dlo","description":"Na trhu s\u00a0koupelnov\u00fdmi dopl\u0148ky se nab\u00edz\u00ed velk\u00e1 paleta ko\u0161\u016f na \u0161pinav\u00e9 pr\u00e1dlo, kter\u00e9 jsou vhodn\u00e9 do koupelny. \u00a0 P\u0159\u00edrodn\u00ed nebo um\u011bl\u00e9? \u00a0 M\u00e1te koupelnu lad\u011bnou do romantick\u00e9ho, st\u0159edomo\u0159sk\u00e9ho nebo provens\u00e1lsk\u00e9ho stylu? Ko\u0161e na pr\u00e1dlo pak m\u016f\u017eou b\u00fdt jedin\u011b z\u00a0p\u0159\u00edrodn\u00edch materi\u00e1l\u016f jako je ratan, bambus, vrbov\u00e9 prout\u00ed nebo d\u0159evo. U t\u011bchto materi\u00e1lu si je\u0161t\u011b vybrat, zda [&hellip;]","datePublished":"2020-01-18","dateModified":"2023-06-09","author":{"@type":"Person","@id":"https:\/\/www.qualichem.cz\/author\/#Person","name":"","url":"https:\/\/www.qualichem.cz\/author\/","identifier":1,"image":{"@type":"ImageObject","@id":"https:\/\/secure.gravatar.com\/avatar\/383247cd769f7ac317a5bcda943ec48a3c79d996598ae4564ec21a0e178126d1?s=96&d=mm&r=g","url":"https:\/\/secure.gravatar.com\/avatar\/383247cd769f7ac317a5bcda943ec48a3c79d996598ae4564ec21a0e178126d1?s=96&d=mm&r=g","height":96,"width":96}},"publisher":{"@type":"Organization","name":"qualichem.cz","logo":{"@type":"ImageObject","@id":"\/logo.png","url":"\/logo.png","width":600,"height":60}},"image":{"@type":"ImageObject","@id":"https:\/\/www.qualichem.cz\/wp-content\/uploads\/img_a369575_w4183_t1581758729.jpg","url":"https:\/\/www.qualichem.cz\/wp-content\/uploads\/img_a369575_w4183_t1581758729.jpg","height":0,"width":0},"url":"https:\/\/www.qualichem.cz\/koupelnove-kose-na-pradlo\/","about":["Byt"],"wordCount":445,"articleBody":"Na trhu s\u00a0koupelnov\u00fdmi dopl\u0148ky se nab\u00edz\u00ed velk\u00e1 paleta ko\u0161\u016f na \u0161pinav\u00e9 pr\u00e1dlo, kter\u00e9 jsou vhodn\u00e9 do koupelny.\u00a0P\u0159\u00edrodn\u00ed nebo um\u011bl\u00e9?\u00a0M\u00e1te koupelnu lad\u011bnou do romantick\u00e9ho, st\u0159edomo\u0159sk\u00e9ho nebo provens\u00e1lsk\u00e9ho stylu? Ko\u0161e na pr\u00e1dlo pak m\u016f\u017eou b\u00fdt jedin\u011b z\u00a0p\u0159\u00edrodn\u00edch materi\u00e1l\u016f jako je ratan, bambus, vrbov\u00e9 prout\u00ed nebo d\u0159evo. U t\u011bchto materi\u00e1lu si je\u0161t\u011b vybrat, zda zvol\u00edte ko\u0161 bez povrchov\u00e9 \u00fapravy nebo nalakovan\u00fd barvou. \u00a0\u00a0P\u0159\u00edrodn\u00ed ko\u0161e maj\u00ed v\u017edy uvnit\u0159 vlo\u017een\u00fd l\u00e1tkov\u00fd pytel, kter\u00fd lze jednodu\u0161e vyprat v\u00a0pra\u010dce. Pytel m\u016f\u017ee b\u00fdt uchycen\u00fd ke ko\u0161i such\u00fdmi zipy nebo k\u00a0okraji p\u0159iv\u00e1zan\u00fd dekorativn\u00edmi ma\u0161li\u010dkami.\u00a0\u00a0Jste designov\u00fd nad\u0161enec nebo jste se nadchli pro minimalistick\u00fd styl? Textiln\u00ed ko\u0161e na pr\u00e1dlo samostatn\u00e9 nebo ve spojen\u00ed s\u00a0chladn\u00fdm kovem budou pro v\u00e1s ty prav\u00e9.\u00a0Z\u00e1le\u017e\u00ed v\u00e1m pouze na barv\u011b ko\u0161e na pou\u017eit\u00e9 pr\u00e1dlo a nez\u00e1le\u017e\u00ed v\u00e1m na materi\u00e1lu ko\u0161e?\u00a0Vybrat si m\u016f\u017eete z\u00a0typ\u016f ko\u0161\u016f, kter\u00e9 jsme uvedli v\u00fd\u0161e nebo z\u00a0plastov\u00fdch ko\u0161\u016f, kter\u00e9 jsou v\u00a0\u0161irok\u00e9 \u0161k\u00e1le barevnosti.\u00a0 N\u011bkter\u00e9 typy maj\u00ed povrchovou strukturu zhotovenou tak, aby p\u0159ipom\u00ednaly nap\u0159\u00edklad vzhledem ratanu, r\u00e1kosu, pleten\u00e9 tkaniny nebo d\u0159ev\u011bn\u00e9 m\u0159\u00ed\u017eky.\u00a0Je va\u0161e koupelna mal\u00e1 a z\u00e1le\u017e\u00ed v\u00e1m na ka\u017ed\u00e9m centimetru m\u00edsta, zvl\u00e1\u0161\u0165 kdy\u017e m\u00e1te v\u00a0koupeln\u011b je\u0161t\u011b pra\u010dku? I pro v\u00e1s existuje \u0159e\u0161en\u00ed!\u00a0 Rohov\u00e9 ko\u0161e na pr\u00e1dlo. Zaberou m\u00e1lo m\u00edsta a vyr\u00e1b\u011bj\u00ed se z\u00a0p\u0159\u00edrodn\u00edch materi\u00e1lu i z\u00a0plastu.\u00a0Pot\u0159ebujete ko\u0161, kter\u00fd by byl mobiln\u00ed a mohli jste ho podle pot\u0159eby p\u0159esouvat, aby nep\u0159ek\u00e1\u017eel, vyberte si pr\u00e1deln\u00ed ko\u0161 na kole\u010dk\u00e1ch. B\u00fdv\u00e1 vyroben z\u00a0kovov\u00e9 konstrukce, na kterou jsou zav\u011b\u0161eny jednotliv\u00e9 kapsy na vhazov\u00e1n\u00ed \u0161pinav\u00e9ho oble\u010den\u00ed.\u00a0U v\u0161ech druh\u016f ko\u0161\u016f na pr\u00e1dlo si m\u016f\u017eete rovn\u011b\u017e zvolit, zda budete m\u00edt jednokomorov\u00fd nebo dvoukomorov\u00fd. M\u016f\u017eete tak odd\u011blen\u011b do vypr\u00e1n\u00ed skladovat tmav\u00e9 a sv\u011btl\u00e9 \u010d\u00e1sti od\u011bv\u016f a dal\u0161\u00edho pr\u00e1dla.\u00a0\u00a0\u00a0\u00a0\u00a0\u00a0Dal\u0161\u00ed vyu\u017eit\u00ed \u00a0Pokud by se v\u00e1m l\u00edbilo vyu\u017eit\u00ed pr\u00e1deln\u00edho ko\u0161e je\u0161t\u011b na n\u011bco jin\u00e9ho, ne\u017e je skladov\u00e1n\u00ed \u0161pinav\u00e9ho pr\u00e1dla, poohl\u00e9dn\u011bte se po ko\u0161i s\u00a0vestavenou taburetkou, kterou m\u016f\u017eete pou\u017e\u00edt jako sed\u00e1tko t\u0159eba kdy\u017e si lakujete nehty.\u00a0                                                                                                                                                                                                                                                                                                                                                                                        4.2\/5 - (6 votes)        "},{"@context":"https:\/\/schema.org\/","@type":"BreadcrumbList","itemListElement":[{"@type":"ListItem","position":1,"name":"Koupelnov\u00e9 ko\u0161e na pr\u00e1dlo","item":"https:\/\/www.qualichem.cz\/koupelnove-kose-na-pradlo\/#breadcrumbitem"}]}]