[{"@context":"https:\/\/schema.org\/","@type":"Article","@id":"https:\/\/www.qualichem.cz\/rok-2019-prinese-rovnou-dva-drzitele-nobelovy-ceny-za-literaturu\/#Article","mainEntityOfPage":"https:\/\/www.qualichem.cz\/rok-2019-prinese-rovnou-dva-drzitele-nobelovy-ceny-za-literaturu\/","headline":"Rok 2019 p\u0159inese rovnou dva dr\u017eitele Nobelovy ceny za literaturu","name":"Rok 2019 p\u0159inese rovnou dva dr\u017eitele Nobelovy ceny za literaturu","description":"Kauza\u00a0 #MeToo zas\u00e1hla v roce 2017 i tak sv\u00e9bytnou instituci, jakou je \u0160v\u00e9dsk\u00e1 akademie. Spolu se skand\u00e1ly sexu\u00e1ln\u00edho charakteru za\u010daly vyplouvat i podivnosti spojen\u00e9 s financov\u00e1n\u00edm a nejasnostmi kolem rozhodovac\u00edch proces\u016f. Nobelova cena za literaturu tak byla vr\u017eena do centra pozornosti, o kterou liter\u00e1rn\u00ed obec nemohla st\u00e1t. Rok 2018 bez Nobelovy ceny za literaturu Af\u00e9ra [&hellip;]","datePublished":"2019-05-07","dateModified":"2023-06-09","author":{"@type":"Person","@id":"https:\/\/www.qualichem.cz\/author\/#Person","name":"","url":"https:\/\/www.qualichem.cz\/author\/","identifier":1,"image":{"@type":"ImageObject","@id":"https:\/\/secure.gravatar.com\/avatar\/383247cd769f7ac317a5bcda943ec48a3c79d996598ae4564ec21a0e178126d1?s=96&d=mm&r=g","url":"https:\/\/secure.gravatar.com\/avatar\/383247cd769f7ac317a5bcda943ec48a3c79d996598ae4564ec21a0e178126d1?s=96&d=mm&r=g","height":96,"width":96}},"publisher":{"@type":"Organization","name":"qualichem.cz","logo":{"@type":"ImageObject","@id":"\/logo.png","url":"\/logo.png","width":600,"height":60}},"image":{"@type":"ImageObject","@id":"https:\/\/www.qualichem.cz\/wp-content\/uploads\/img_a345565_w2227_t1559208709.jpg","url":"https:\/\/www.qualichem.cz\/wp-content\/uploads\/img_a345565_w2227_t1559208709.jpg","height":0,"width":0},"url":"https:\/\/www.qualichem.cz\/rok-2019-prinese-rovnou-dva-drzitele-nobelovy-ceny-za-literaturu\/","wordCount":413,"articleBody":"Kauza\u00a0 #MeToo zas\u00e1hla v roce 2017 i tak sv\u00e9bytnou instituci, jakou je \u0160v\u00e9dsk\u00e1 akademie. Spolu se skand\u00e1ly sexu\u00e1ln\u00edho charakteru za\u010daly vyplouvat i podivnosti spojen\u00e9 s financov\u00e1n\u00edm a nejasnostmi kolem rozhodovac\u00edch proces\u016f.Nobelova cena za literaturu tak byla vr\u017eena do centra pozornosti, o kterou liter\u00e1rn\u00ed obec nemohla st\u00e1t.Rok 2018 bez Nobelovy ceny za literaturuAf\u00e9ra eskalovala t\u00e9m\u011b\u0159 ka\u017ed\u00fdm dnem, na sv\u011btlo sv\u011bta vych\u00e1zely dal\u0161\u00ed a dal\u0161\u00ed pikantnosti a hrozilo, \u017ee z uzn\u00e1van\u00e9ho ocen\u011bn\u00ed se stane trapn\u00e1 fra\u0161ka. Celou situaci se poda\u0159ilo alespo\u0148 \u010d\u00e1ste\u010dn\u011b uklidnit rozhodnut\u00edm, \u017ee Nobelova cena za literaturu nebude v roce 2018 vyhl\u00e1\u0161ena a p\u0159ed\u00e1na.Historie p\u0159ed\u00e1v\u00e1n\u00ed Nobelovy ceny za literaturuNobelova cena za literaturu je jednou z p\u011bti, o jejich\u017e ud\u011blov\u00e1n\u00ed rozhodl Alfr\u00e9d Nobel ve sv\u00e9 z\u00e1v\u011bti. Poprv\u00e9 byla vyhl\u00e1\u0161ena roku 1901 a jej\u00edm dr\u017eitelem se stal francouzsk\u00fd b\u00e1sn\u00edk Sully Prudhomme. Prvn\u00ed spisovatelkou, kter\u00e1 na toto v\u00fdznamn\u00e9 ocen\u011bn\u00ed dos\u00e1hla, byla \u0161v\u00e9dsk\u00e1 autorka Selma Lagerl\u00f6fov\u00e1.Rok 2018 rozhodn\u011b nebyl prvn\u00ed, kdy se Nobelova cena za literaturu nep\u0159ed\u00e1vala. Pr\u00e1zdn\u00e9 m\u00edsto v seznamu laure\u00e1t\u016f najdeme p\u0159edev\u0161\u00edm b\u011bhem kru\u0161n\u00fdch v\u00e1le\u010dn\u00fdch let 1914, 1918 a 1940, 1941, 1942 a 1943. Jako zaj\u00edmavost p\u016fsob\u00ed rok 1935, kdy si \u010dlenov\u00e9 \u0160v\u00e9dsk\u00e9 akademie nedok\u00e1zali vybrat autora, kter\u00fd by byl Nobelovy ceny hoden.Jean-Paul Sartre pak proslul t\u00edm, \u017ee Nobelovu cenu odm\u00edtl p\u0159evz\u00edt, nebo\u0165 si nep\u0159\u00e1l b\u00fdt spojov\u00e1n s \u017e\u00e1dn\u00fdm ofici\u00e1ln\u00edm vyznamen\u00e1n\u00edm.Jedin\u00fdm \u010cechem poct\u011bn\u00fdm t\u00edmto sv\u011btov\u011b proslul\u00fdm ocen\u011bn\u00edm byl Jaroslav Seifert.Dal\u0161\u00ed osud ocen\u011bn\u00edU\u017e dnes m\u016f\u017eeme \u0159\u00edct, \u017ee rok 2018 p\u0159edstavoval pro Nobelovu cenu za literaturu katarzi, zat\u00edm je v\u0161ak t\u011b\u017ek\u00e9 odhadovat, jak\u00e1 bude dal\u0161\u00ed cesta tohoto vyznamen\u00e1n\u00ed. Milovn\u00edci dobr\u00e9 literatury po cel\u00e9m sv\u011bt\u011b tak m\u016f\u017eou jen doufat, \u017ee je Nobelova cena za literaturu z nejhor\u0161\u00edho venku.\u0160v\u00e9dsk\u00e1 akademie rozhodla, \u017ee letos n\u00e1s \u010dekaj\u00ed dva nov\u00ed auto\u0159i ov\u011b\u0161en\u00ed p\u0159\u00eddomkem dr\u017eitel Nobelovy ceny za literaturu, aby se vyrovnal lo\u0148sk\u00fd v\u00fdpadek. M\u016f\u017eeme se jen dohadovat, jak\u00e1 jm\u00e9na zazn\u00ed a co nov\u00e9ho p\u0159inese toto dvojit\u00e9 ocen\u011bn\u00ed do sv\u011bta literatury.                                                                                                                                                                                                                                                                                                                                                                                        4.2\/5 - (4 votes)        "},{"@context":"https:\/\/schema.org\/","@type":"BreadcrumbList","itemListElement":[{"@type":"ListItem","position":1,"name":"Rok 2019 p\u0159inese rovnou dva dr\u017eitele Nobelovy ceny za literaturu","item":"https:\/\/www.qualichem.cz\/rok-2019-prinese-rovnou-dva-drzitele-nobelovy-ceny-za-literaturu\/#breadcrumbitem"}]}]